{"id":49,"date":"2015-10-06T14:46:00","date_gmt":"2015-10-06T13:46:00","guid":{"rendered":"http:\/\/feyarias-welt.de\/?p=49"},"modified":"2015-10-06T14:46:00","modified_gmt":"2015-10-06T13:46:00","slug":"wanderpaket-von-heleneswelt","status":"publish","type":"post","link":"https:\/\/feyarias-welt.de\/?p=49","title":{"rendered":"Wanderpaket von Heleneswelt"},"content":{"rendered":"<p style=\"text-align:justify;\"><strong>Hallo ihr Lieben, heute habe ich mal wieder ein Wanderpaket bekommen. <a href=\"https:\/\/www.facebook.com\/Heleneswelt-248323415376225\/timeline\/\" rel=\"nofollow\">Heleneswelt<\/a> hat Teilnehmer f\u00fcr ihr erstes Wanderpaket gesucht. Da ich Wanderpakete liebe, habe ich nicht lange gez\u00f6gert und mich direkt f\u00fcr die Teilnahme beworben. Meine Freude war riesig, als ich erfuhr, dass ich tats\u00e4chlich teilnehmen darf. Vielen Dank daf\u00fcr! \ud83d\ude42 Wanderpakete werden sicherlich die meisten von euch kennen. Heleneswelt hat ein bunt gemischte Paket gepackt und es zu der ersten Teilnehmerin geschickt. Jede Teilnehmerin darf aus dem Paket alles herausnehmen, was ihr gef\u00e4llt und legt im Gegenzug daf\u00fcr andere Produkte wieder in das Paket. Bei dem Tausch sollte darauf geachtet werden, das die Produkte in etwa wertgleich sind, damit der Tausch auch gerecht ist. Danach wird das Paket zur n\u00e4chsten Teilnehmerin geschickt. Dieser Vorgang wird so lange wiederholt, bis das Paket am Ende wieder bei Heleneswelt landet. Die hat dann hoffentlich viele neue Produkte in ihrem Paket.<\/strong><\/p>\n<p style=\"text-align:justify;\">Ich bin immer ganz hibbelig und kann es kaum erwarten, bis ich endlich an der Reihe bin. Heute Mittag hat der Postbote mir dann endlich das ersehnte Wanderpaket gebracht. Voller Vorfreude habe ich mich an auspacken gemacht. Nachdem ich den gesamten Inhalt des Wanderpakets durchst\u00f6bert habe, habe ich mich dazu entschieden, die im Artikelbild gezeigten Produkte zu behalten.<\/p>\n<p style=\"text-align:justify;\">Ich bin ein absoluter Nagellack-Junkie, diese beiden habe ich noch nicht, daher musste ich sie einfach behalten. B\u00fccher gehen definitiv immer und dies ist ein Krimi, muss auch bei mir einziehen. Taschen sind quasi meine zweite Sucht und somit habe ich mich auch f\u00fcr diese entschieden. Der Nagelknipser ist f\u00fcr eine Freundin, ihre Kinder haben n\u00e4mlich die magische Gabe, Nagelknipser verschwinden zu lassen. Das letzte Produkt wird in einem meiner Adventskalender f\u00fcr euch landen.<\/p>\n<p style=\"text-align:justify;\">Folgende Produkte habe ich im Gegenzug getauscht und wieder in das Paket gelegt: Hierzu muss ich erg\u00e4nzend sagen, dass auf dem Foto drei Produkte fehlen, die ich explizit nicht fotografiert habe, schlie\u00dflich sollen die anderen Teilnehmer nicht alle Produkte vorab sehen&nbsp;&#8230;<\/p>\n<p><img loading=\"lazy\" decoding=\"async\" src=\"https:\/\/feyarias-welt.de\/wp-content\/uploads\/2015\/10\/wanderpaket-helenes-welt-austausch.jpg\" alt=\"Tauschprodukte f\u00fcr das Wanderpaket von Heleneswelt - Bild: Ilona Herbig\" width=\"316\" height=\"400\" class=\"aligncenter size-full wp-image-458\" \/><\/p>\n<p style=\"text-align:justify;\">Eins muss ich euch noch zeigen, die Teilnehmerin, die vor mir das Paket hatte, hat f\u00fcr mich ein Geschenk eingepackt. Vielen lieben Dank daf\u00fcr an Jana! \ud83d\ude42<\/p>\n<p><img loading=\"lazy\" decoding=\"async\" src=\"https:\/\/feyarias-welt.de\/wp-content\/uploads\/2015\/10\/wanderpaket-heleneswelt-ohrringe.jpg\" alt=\"Ohrringe aus meinem Wanderpaket von Heleneswelt - Bild: Ilona Herbig\" width=\"320\" height=\"320\" class=\"aligncenter size-full wp-image-460\" \/><\/p>\n<p style=\"text-align:justify;\">Die Ohrringe sind absolut niedlich und gefallen mir wahnsinnig gut. Das war eine echte \u00dcberraschung. Danke nochmals.<\/p>\n<p style=\"text-align:justify;\">Ich habe f\u00fcr die n\u00e4chste Teilnehmerin ebenfalls ein kleines Goodie in das Paket gelegt und hoffe es gef\u00e4llt. Den noch verbleibenden Teilnehmerinnen w\u00fcnsche ich viel Spa\u00df beim Entdecken des Pakets. Mein Dank hier nochmal an Helenswelt, dass ich mitmachen durfte.<\/p>\n","protected":false},"excerpt":{"rendered":"<p>Hallo ihr Lieben, heute habe ich mal wieder ein Wanderpaket bekommen. Heleneswelt hat Teilnehmer f\u00fcr ihr erstes Wanderpaket gesucht. Da ich Wanderpakete liebe, habe ich nicht lange gez\u00f6gert und mich direkt f\u00fcr die Teilnahme beworben. Meine Freude war riesig, als ich erfuhr, dass ich tats\u00e4chlich teilnehmen darf. Vielen Dank daf\u00fcr! \ud83d\ude42 Wanderpakete werden sicherlich die &hellip; <\/p>\n<p class=\"link-more\"><a href=\"https:\/\/feyarias-welt.de\/?p=49\" class=\"more-link\"><span class=\"screen-reader-text\">\u201eWanderpaket von Heleneswelt\u201c <\/span>weiterlesen<\/a><\/p>\n","protected":false},"author":2,"featured_media":352,"comment_status":"open","ping_status":"open","sticky":false,"template":"","format":"standard","meta":{"footnotes":""},"categories":[2],"tags":[3,4],"class_list":["post-49","post","type-post","status-publish","format-standard","has-post-thumbnail","hentry","category-das-leben-und-ich","tag-heleneswelt","tag-wanderpakete"],"_links":{"self":[{"href":"https:\/\/feyarias-welt.de\/index.php?rest_route=\/wp\/v2\/posts\/49","targetHints":{"allow":["GET"]}}],"collection":[{"href":"https:\/\/feyarias-welt.de\/index.php?rest_route=\/wp\/v2\/posts"}],"about":[{"href":"https:\/\/feyarias-welt.de\/index.php?rest_route=\/wp\/v2\/types\/post"}],"author":[{"embeddable":true,"href":"https:\/\/feyarias-welt.de\/index.php?rest_route=\/wp\/v2\/users\/2"}],"replies":[{"embeddable":true,"href":"https:\/\/feyarias-welt.de\/index.php?rest_route=%2Fwp%2Fv2%2Fcomments&post=49"}],"version-history":[{"count":0,"href":"https:\/\/feyarias-welt.de\/index.php?rest_route=\/wp\/v2\/posts\/49\/revisions"}],"wp:featuredmedia":[{"embeddable":true,"href":"https:\/\/feyarias-welt.de\/index.php?rest_route=\/"}],"wp:attachment":[{"href":"https:\/\/feyarias-welt.de\/index.php?rest_route=%2Fwp%2Fv2%2Fmedia&parent=49"}],"wp:term":[{"taxonomy":"category","embeddable":true,"href":"https:\/\/feyarias-welt.de\/index.php?rest_route=%2Fwp%2Fv2%2Fcategories&post=49"},{"taxonomy":"post_tag","embeddable":true,"href":"https:\/\/feyarias-welt.de\/index.php?rest_route=%2Fwp%2Fv2%2Ftags&post=49"}],"curies":[{"name":"wp","href":"https:\/\/api.w.org\/{rel}","templated":true}]}}